{"id":1194,"date":"2018-02-28T12:09:00","date_gmt":"2018-02-28T11:09:00","guid":{"rendered":"https:\/\/www.eme-aero.com\/informacja-zarzadu-na-temat-planowanej-inwestycji-eme-aero\/"},"modified":"2022-07-15T09:28:44","modified_gmt":"2022-07-15T07:28:44","slug":"informacja-zarzadu-na-temat-planowanej-inwestycji-eme-aero","status":"publish","type":"post","link":"https:\/\/www.eme-aero.com\/en\/informacja-zarzadu-na-temat-planowanej-inwestycji-eme-aero\/","title":{"rendered":"Informacja zarz\u0105du na temat planowanej inwestycji EME Aero"},"content":{"rendered":"\n<p>EME Aero (Engine Maintenance Europe) jest przedsi\u0119wzi\u0119ciem joint venture Lufthansa Technik AG oraz MTU Aero Engines AG. Naszym celem jest budowa jednego z najnowocze\u015bniejszych zak\u0142ad\u00f3w w bran\u017cy lotniczej w Europie, centrum serwisowania i naprawy silnik\u00f3w lotniczych. Planujemy tak\u017ce utworzenie centrum szkoleniowego, w kt\u00f3rym przyszli pracownicy b\u0119d\u0105 podnosili swoje kwalifikacje i umiej\u0119tno\u015bci. Obecnie firma jest w trakcie analiz dotycz\u0105cych wyboru ostatecznej lokalizacji.<\/p>\n\n\n\n<p>Je\u017celi zapadnie ostateczna decyzja co do lokalizacji zak\u0142adu, planujemy zatrudni\u0107 oko\u0142o 800 os\u00f3b z r\u00f3\u017cnych bran\u017c. EME Aero to gwarancja bezpiecze\u0144stwa w zakresie stosowanych technologii, wysokie&nbsp; standardy jako\u015bciowe oraz ekologiczne. To tak\u017ce rozw\u00f3j szerokiej sieci kooperant\u00f3w, ma\u0142ych i \u015brednich firm wsp\u00f3\u0142pracuj\u0105cych. Szczeg\u00f3\u0142owe informacje dotycz\u0105ce realizacji projektu zostan\u0105 przekazane w drugiej po\u0142owie marca.<\/p>\n","protected":false},"excerpt":{"rendered":"<p>EME Aero (Engine Maintenance Europe) jest przedsi\u0119wzi\u0119ciem joint venture Lufthansa Technik AG oraz MTU Aero Engines AG. Naszym celem jest budowa jednego z najnowocze\u015bniejszych zak\u0142ad\u00f3w w bran\u017cy lotniczej w Europie, centrum serwisowania i naprawy silnik\u00f3w lotniczych. Planujemy tak\u017ce utworzenie centrum szkoleniowego, w kt\u00f3rym przyszli pracownicy b\u0119d\u0105 podnosili swoje kwalifikacje i umiej\u0119tno\u015bci. Obecnie firma jest w [&hellip;]<\/p>\n","protected":false},"author":1,"featured_media":0,"comment_status":"open","ping_status":"open","sticky":false,"template":"","format":"standard","meta":{"_acf_changed":false,"footnotes":""},"categories":[9],"tags":[],"class_list":["post-1194","post","type-post","status-publish","format-standard","hentry","category-eme-aero-en"],"acf":[],"yoast_head":"<!-- This site is optimized with the Yoast SEO plugin v27.1.1 - https:\/\/yoast.com\/product\/yoast-seo-wordpress\/ -->\n<title>Informacja zarz\u0105du na temat planowanej inwestycji EME Aero - EME Aero<\/title>\n<meta name=\"robots\" content=\"index, follow, max-snippet:-1, max-image-preview:large, max-video-preview:-1\" \/>\n<link rel=\"canonical\" href=\"https:\/\/www.eme-aero.com\/en\/informacja-zarzadu-na-temat-planowanej-inwestycji-eme-aero\/\" \/>\n<meta property=\"og:locale\" content=\"en_US\" \/>\n<meta property=\"og:type\" content=\"article\" \/>\n<meta property=\"og:title\" content=\"Informacja zarz\u0105du na temat planowanej inwestycji EME Aero - EME Aero\" \/>\n<meta property=\"og:description\" content=\"EME Aero (Engine Maintenance Europe) jest przedsi\u0119wzi\u0119ciem joint venture Lufthansa Technik AG oraz MTU Aero Engines AG. Naszym celem jest budowa jednego z najnowocze\u015bniejszych zak\u0142ad\u00f3w w bran\u017cy lotniczej w Europie, centrum serwisowania i naprawy silnik\u00f3w lotniczych. Planujemy tak\u017ce utworzenie centrum szkoleniowego, w kt\u00f3rym przyszli pracownicy b\u0119d\u0105 podnosili swoje kwalifikacje i umiej\u0119tno\u015bci. Obecnie firma jest w [&hellip;]\" \/>\n<meta property=\"og:url\" content=\"https:\/\/www.eme-aero.com\/en\/informacja-zarzadu-na-temat-planowanej-inwestycji-eme-aero\/\" \/>\n<meta property=\"og:site_name\" content=\"EME Aero\" \/>\n<meta property=\"article:published_time\" content=\"2018-02-28T11:09:00+00:00\" \/>\n<meta property=\"article:modified_time\" content=\"2022-07-15T07:28:44+00:00\" \/>\n<meta name=\"author\" content=\"pive\" \/>\n<meta name=\"twitter:card\" content=\"summary_large_image\" \/>\n<meta name=\"twitter:label1\" content=\"Written by\" \/>\n\t<meta name=\"twitter:data1\" content=\"pive\" \/>\n\t<meta name=\"twitter:label2\" content=\"Est. reading time\" \/>\n\t<meta name=\"twitter:data2\" content=\"1 minute\" \/>\n<script type=\"application\/ld+json\" class=\"yoast-schema-graph\">{\"@context\":\"https:\/\/schema.org\",\"@graph\":[{\"@type\":\"Article\",\"@id\":\"https:\/\/www.eme-aero.com\/en\/informacja-zarzadu-na-temat-planowanej-inwestycji-eme-aero\/#article\",\"isPartOf\":{\"@id\":\"https:\/\/www.eme-aero.com\/en\/informacja-zarzadu-na-temat-planowanej-inwestycji-eme-aero\/\"},\"author\":{\"name\":\"pive\",\"@id\":\"https:\/\/www.eme-aero.com\/#\/schema\/person\/ccc955b2dc67a8a0e4a8138a2865f0ec\"},\"headline\":\"Informacja zarz\u0105du na temat planowanej inwestycji EME Aero\",\"datePublished\":\"2018-02-28T11:09:00+00:00\",\"dateModified\":\"2022-07-15T07:28:44+00:00\",\"mainEntityOfPage\":{\"@id\":\"https:\/\/www.eme-aero.com\/en\/informacja-zarzadu-na-temat-planowanej-inwestycji-eme-aero\/\"},\"wordCount\":151,\"commentCount\":0,\"articleSection\":[\"EME Aero\"],\"inLanguage\":\"en-US\",\"potentialAction\":[{\"@type\":\"CommentAction\",\"name\":\"Comment\",\"target\":[\"https:\/\/www.eme-aero.com\/en\/informacja-zarzadu-na-temat-planowanej-inwestycji-eme-aero\/#respond\"]}]},{\"@type\":\"WebPage\",\"@id\":\"https:\/\/www.eme-aero.com\/en\/informacja-zarzadu-na-temat-planowanej-inwestycji-eme-aero\/\",\"url\":\"https:\/\/www.eme-aero.com\/en\/informacja-zarzadu-na-temat-planowanej-inwestycji-eme-aero\/\",\"name\":\"Informacja zarz\u0105du na temat planowanej inwestycji EME Aero - EME Aero\",\"isPartOf\":{\"@id\":\"https:\/\/www.eme-aero.com\/#website\"},\"datePublished\":\"2018-02-28T11:09:00+00:00\",\"dateModified\":\"2022-07-15T07:28:44+00:00\",\"author\":{\"@id\":\"https:\/\/www.eme-aero.com\/#\/schema\/person\/ccc955b2dc67a8a0e4a8138a2865f0ec\"},\"breadcrumb\":{\"@id\":\"https:\/\/www.eme-aero.com\/en\/informacja-zarzadu-na-temat-planowanej-inwestycji-eme-aero\/#breadcrumb\"},\"inLanguage\":\"en-US\",\"potentialAction\":[{\"@type\":\"ReadAction\",\"target\":[\"https:\/\/www.eme-aero.com\/en\/informacja-zarzadu-na-temat-planowanej-inwestycji-eme-aero\/\"]}]},{\"@type\":\"BreadcrumbList\",\"@id\":\"https:\/\/www.eme-aero.com\/en\/informacja-zarzadu-na-temat-planowanej-inwestycji-eme-aero\/#breadcrumb\",\"itemListElement\":[{\"@type\":\"ListItem\",\"position\":1,\"name\":\"Home\",\"item\":\"https:\/\/www.eme-aero.com\/en\/\"},{\"@type\":\"ListItem\",\"position\":2,\"name\":\"Informacja zarz\u0105du na temat planowanej inwestycji EME Aero\"}]},{\"@type\":\"WebSite\",\"@id\":\"https:\/\/www.eme-aero.com\/#website\",\"url\":\"https:\/\/www.eme-aero.com\/\",\"name\":\"EME Aero\",\"description\":\"\",\"potentialAction\":[{\"@type\":\"SearchAction\",\"target\":{\"@type\":\"EntryPoint\",\"urlTemplate\":\"https:\/\/www.eme-aero.com\/?s={search_term_string}\"},\"query-input\":{\"@type\":\"PropertyValueSpecification\",\"valueRequired\":true,\"valueName\":\"search_term_string\"}}],\"inLanguage\":\"en-US\"},{\"@type\":\"Person\",\"@id\":\"https:\/\/www.eme-aero.com\/#\/schema\/person\/ccc955b2dc67a8a0e4a8138a2865f0ec\",\"name\":\"pive\",\"image\":{\"@type\":\"ImageObject\",\"inLanguage\":\"en-US\",\"@id\":\"https:\/\/www.eme-aero.com\/#\/schema\/person\/image\/\",\"url\":\"https:\/\/secure.gravatar.com\/avatar\/0d14014cda8f1a93cbb41fcae80f7abf07b0cef341261a7845110565028e745d?s=96&d=mm&r=g\",\"contentUrl\":\"https:\/\/secure.gravatar.com\/avatar\/0d14014cda8f1a93cbb41fcae80f7abf07b0cef341261a7845110565028e745d?s=96&d=mm&r=g\",\"caption\":\"pive\"},\"sameAs\":[\"http:\/\/eme.lovejob.pl\"],\"url\":\"https:\/\/www.eme-aero.com\/en\/author\/pive\/\"}]}<\/script>\n<!-- \/ Yoast SEO plugin. -->","yoast_head_json":{"title":"Informacja zarz\u0105du na temat planowanej inwestycji EME Aero - EME Aero","robots":{"index":"index","follow":"follow","max-snippet":"max-snippet:-1","max-image-preview":"max-image-preview:large","max-video-preview":"max-video-preview:-1"},"canonical":"https:\/\/www.eme-aero.com\/en\/informacja-zarzadu-na-temat-planowanej-inwestycji-eme-aero\/","og_locale":"en_US","og_type":"article","og_title":"Informacja zarz\u0105du na temat planowanej inwestycji EME Aero - EME Aero","og_description":"EME Aero (Engine Maintenance Europe) jest przedsi\u0119wzi\u0119ciem joint venture Lufthansa Technik AG oraz MTU Aero Engines AG. Naszym celem jest budowa jednego z najnowocze\u015bniejszych zak\u0142ad\u00f3w w bran\u017cy lotniczej w Europie, centrum serwisowania i naprawy silnik\u00f3w lotniczych. Planujemy tak\u017ce utworzenie centrum szkoleniowego, w kt\u00f3rym przyszli pracownicy b\u0119d\u0105 podnosili swoje kwalifikacje i umiej\u0119tno\u015bci. Obecnie firma jest w [&hellip;]","og_url":"https:\/\/www.eme-aero.com\/en\/informacja-zarzadu-na-temat-planowanej-inwestycji-eme-aero\/","og_site_name":"EME Aero","article_published_time":"2018-02-28T11:09:00+00:00","article_modified_time":"2022-07-15T07:28:44+00:00","author":"pive","twitter_card":"summary_large_image","twitter_misc":{"Written by":"pive","Est. reading time":"1 minute"},"schema":{"@context":"https:\/\/schema.org","@graph":[{"@type":"Article","@id":"https:\/\/www.eme-aero.com\/en\/informacja-zarzadu-na-temat-planowanej-inwestycji-eme-aero\/#article","isPartOf":{"@id":"https:\/\/www.eme-aero.com\/en\/informacja-zarzadu-na-temat-planowanej-inwestycji-eme-aero\/"},"author":{"name":"pive","@id":"https:\/\/www.eme-aero.com\/#\/schema\/person\/ccc955b2dc67a8a0e4a8138a2865f0ec"},"headline":"Informacja zarz\u0105du na temat planowanej inwestycji EME Aero","datePublished":"2018-02-28T11:09:00+00:00","dateModified":"2022-07-15T07:28:44+00:00","mainEntityOfPage":{"@id":"https:\/\/www.eme-aero.com\/en\/informacja-zarzadu-na-temat-planowanej-inwestycji-eme-aero\/"},"wordCount":151,"commentCount":0,"articleSection":["EME Aero"],"inLanguage":"en-US","potentialAction":[{"@type":"CommentAction","name":"Comment","target":["https:\/\/www.eme-aero.com\/en\/informacja-zarzadu-na-temat-planowanej-inwestycji-eme-aero\/#respond"]}]},{"@type":"WebPage","@id":"https:\/\/www.eme-aero.com\/en\/informacja-zarzadu-na-temat-planowanej-inwestycji-eme-aero\/","url":"https:\/\/www.eme-aero.com\/en\/informacja-zarzadu-na-temat-planowanej-inwestycji-eme-aero\/","name":"Informacja zarz\u0105du na temat planowanej inwestycji EME Aero - EME Aero","isPartOf":{"@id":"https:\/\/www.eme-aero.com\/#website"},"datePublished":"2018-02-28T11:09:00+00:00","dateModified":"2022-07-15T07:28:44+00:00","author":{"@id":"https:\/\/www.eme-aero.com\/#\/schema\/person\/ccc955b2dc67a8a0e4a8138a2865f0ec"},"breadcrumb":{"@id":"https:\/\/www.eme-aero.com\/en\/informacja-zarzadu-na-temat-planowanej-inwestycji-eme-aero\/#breadcrumb"},"inLanguage":"en-US","potentialAction":[{"@type":"ReadAction","target":["https:\/\/www.eme-aero.com\/en\/informacja-zarzadu-na-temat-planowanej-inwestycji-eme-aero\/"]}]},{"@type":"BreadcrumbList","@id":"https:\/\/www.eme-aero.com\/en\/informacja-zarzadu-na-temat-planowanej-inwestycji-eme-aero\/#breadcrumb","itemListElement":[{"@type":"ListItem","position":1,"name":"Home","item":"https:\/\/www.eme-aero.com\/en\/"},{"@type":"ListItem","position":2,"name":"Informacja zarz\u0105du na temat planowanej inwestycji EME Aero"}]},{"@type":"WebSite","@id":"https:\/\/www.eme-aero.com\/#website","url":"https:\/\/www.eme-aero.com\/","name":"EME Aero","description":"","potentialAction":[{"@type":"SearchAction","target":{"@type":"EntryPoint","urlTemplate":"https:\/\/www.eme-aero.com\/?s={search_term_string}"},"query-input":{"@type":"PropertyValueSpecification","valueRequired":true,"valueName":"search_term_string"}}],"inLanguage":"en-US"},{"@type":"Person","@id":"https:\/\/www.eme-aero.com\/#\/schema\/person\/ccc955b2dc67a8a0e4a8138a2865f0ec","name":"pive","image":{"@type":"ImageObject","inLanguage":"en-US","@id":"https:\/\/www.eme-aero.com\/#\/schema\/person\/image\/","url":"https:\/\/secure.gravatar.com\/avatar\/0d14014cda8f1a93cbb41fcae80f7abf07b0cef341261a7845110565028e745d?s=96&d=mm&r=g","contentUrl":"https:\/\/secure.gravatar.com\/avatar\/0d14014cda8f1a93cbb41fcae80f7abf07b0cef341261a7845110565028e745d?s=96&d=mm&r=g","caption":"pive"},"sameAs":["http:\/\/eme.lovejob.pl"],"url":"https:\/\/www.eme-aero.com\/en\/author\/pive\/"}]}},"_links":{"self":[{"href":"https:\/\/www.eme-aero.com\/en\/wp-json\/wp\/v2\/posts\/1194","targetHints":{"allow":["GET"]}}],"collection":[{"href":"https:\/\/www.eme-aero.com\/en\/wp-json\/wp\/v2\/posts"}],"about":[{"href":"https:\/\/www.eme-aero.com\/en\/wp-json\/wp\/v2\/types\/post"}],"author":[{"embeddable":true,"href":"https:\/\/www.eme-aero.com\/en\/wp-json\/wp\/v2\/users\/1"}],"replies":[{"embeddable":true,"href":"https:\/\/www.eme-aero.com\/en\/wp-json\/wp\/v2\/comments?post=1194"}],"version-history":[{"count":1,"href":"https:\/\/www.eme-aero.com\/en\/wp-json\/wp\/v2\/posts\/1194\/revisions"}],"predecessor-version":[{"id":1231,"href":"https:\/\/www.eme-aero.com\/en\/wp-json\/wp\/v2\/posts\/1194\/revisions\/1231"}],"wp:attachment":[{"href":"https:\/\/www.eme-aero.com\/en\/wp-json\/wp\/v2\/media?parent=1194"}],"wp:term":[{"taxonomy":"category","embeddable":true,"href":"https:\/\/www.eme-aero.com\/en\/wp-json\/wp\/v2\/categories?post=1194"},{"taxonomy":"post_tag","embeddable":true,"href":"https:\/\/www.eme-aero.com\/en\/wp-json\/wp\/v2\/tags?post=1194"}],"curies":[{"name":"wp","href":"https:\/\/api.w.org\/{rel}","templated":true}]}}