{"id":1460,"date":"2021-10-01T12:32:00","date_gmt":"2021-10-01T10:32:00","guid":{"rendered":"https:\/\/www.eme-aero.com\/?p=1460"},"modified":"2022-08-17T16:43:03","modified_gmt":"2022-08-17T14:43:03","slug":"zmiana-na-stanowisku-ceo-eme-aero","status":"publish","type":"post","link":"https:\/\/www.eme-aero.com\/en\/zmiana-na-stanowisku-ceo-eme-aero\/","title":{"rendered":"Change on the EME Aero CEO postion"},"content":{"rendered":"\n<h2 class=\"wp-block-heading\">Po prawie czterech latach zarz\u0105dzania EME Aero Derrick Siebert, CEO i Dyrektor Zarz\u0105dzaj\u0105cy ds. Biznesu, od 1 pa\u017adziernika 2021 r. przeka\u017ce pa\u0142eczk\u0119 dr. Ulfowi Reinm\u00f6llerowi.&nbsp;<\/h2>\n\n\n<p>Derrick Siebert zajmowa\u0142 stanowisko CEO EME Aero od 2017 roku. Kierowa\u0142 zespo\u0142em projektowym od samego pocz\u0105tku, odk\u0105d zapad\u0142a decyzja o utworzeniu nowego joint venture pomi\u0119dzy Lufthansa Technik i MTU Aero Engines.<\/p>\n<p><i>\u201eTo, co wsp\u00f3lnie osi\u0105gn\u0119li\u015bmy w tym czasie, jest niezwyk\u0142e. Jestem przekonany, \u017ce EME Aero, z silnym zespo\u0142em ludzi z pasj\u0105, wiedz\u0105 techniczn\u0105 i duchem wsp\u00f3\u0142pracy, jest gotowe na kolejne wyzwania i realizacj\u0119 cel\u00f3w strategicznych. Zapewniam, \u017ce zostawiam EME w dobrych r\u0119kach. Ulf wniesie bogate do\u015bwiadczenie i m\u0105dre przyw\u00f3dztwo<\/i>\u201d \u2013 podsumowa\u0142 Derrick.&nbsp;<\/p>\n<p>Dr. Ulf Reinm\u00f6ller rozpocz\u0105\u0142 prac\u0119 na stanowisku CEO EME Aero z dniem 1 pa\u017adziernika.<\/p>\n<p>Wcze\u015bniej przez prawie dziewi\u0119tna\u015bcie lat by\u0142 zwi\u0105zany z Lufthansa Technik. Przez ostatnie dwa lata zajmowa\u0142 stanowisko szefa Mobile Engine Services Global Production Network. W 2009 roku obj\u0105\u0142 stanowisko COO w Airfoil Services. Po czterech latach do\u0142\u0105czy\u0142 do Lufthansa Technik jako szef Production for Engine Parts Repairs. Absolwent in\u017cynierii lotniczej i kosmicznej, dr Reinm\u00f6ller zajmowa\u0142 kilka wy\u017cszych stanowisk kierowniczych zwi\u0105zanych z biznesem MRO.<\/p>\n<p>Jego obowi\u0105zki w EME Aero b\u0119d\u0105 obejmowa\u0142y obszary biznesowe, takie jak obs\u0142uga klienta, lean management, zasoby ludzkie, finanse, IT, a tak\u017ce zarz\u0105dzanie jako\u015bci\u0105, obszar&nbsp; i testy silnik\u00f3w.<\/p>\n<p>\u201e<i>Jestem pozytywnie nastawiony na nowe wyzwanie, jakim b\u0119dzie zarzadzanie tak nowoczesn\u0105 firm\u0105. EME Aero wchodzi w kolejny rozdzia\u0142 swojej kr\u00f3tkiej historii, z 500 osobami na pok\u0142adzie i zaawansowan\u0105 technologicznie lini\u0105 przep\u0142ywu, kt\u00f3ra zaczyna by\u0107 wdra\u017cana<\/i>\u201d \u2013 powiedzia\u0142 Reinm\u00f6ller.<\/p>\n<p>Od pa\u017adziernika Derrick Siebert obejmuje stanowisko&nbsp;Lufthansa Technik Group Vice-President of Procurment position.&nbsp;<\/p>\n\n\n<figure class=\"wp-block-image size-large\"><img loading=\"lazy\" decoding=\"async\" width=\"1024\" height=\"889\" src=\"https:\/\/www.eme-aero.com\/wp-content\/uploads\/przerobione-1024x889.jpg\" alt=\"\" class=\"wp-image-1461\" srcset=\"https:\/\/www.eme-aero.com\/wp-content\/uploads\/przerobione-1024x889.jpg 1024w, https:\/\/www.eme-aero.com\/wp-content\/uploads\/przerobione-300x260.jpg 300w, https:\/\/www.eme-aero.com\/wp-content\/uploads\/przerobione-768x666.jpg 768w, https:\/\/www.eme-aero.com\/wp-content\/uploads\/przerobione-1536x1333.jpg 1536w, https:\/\/www.eme-aero.com\/wp-content\/uploads\/przerobione-2048x1777.jpg 2048w, https:\/\/www.eme-aero.com\/wp-content\/uploads\/przerobione-207x180.jpg 207w\" sizes=\"auto, (max-width: 1024px) 100vw, 1024px\" \/><\/figure>\n","protected":false},"excerpt":{"rendered":"<p>Po prawie czterech latach zarz\u0105dzania EME Aero Derrick Siebert, CEO i Dyrektor Zarz\u0105dzaj\u0105cy ds. Biznesu, od 1 pa\u017adziernika 2021 r. przeka\u017ce pa\u0142eczk\u0119 dr. Ulfowi Reinm\u00f6llerowi.&nbsp; Derrick Siebert zajmowa\u0142 stanowisko CEO EME Aero od 2017 roku. Kierowa\u0142 zespo\u0142em projektowym od samego pocz\u0105tku, odk\u0105d zapad\u0142a decyzja o utworzeniu nowego joint venture pomi\u0119dzy Lufthansa Technik i MTU Aero [&hellip;]<\/p>\n","protected":false},"author":5,"featured_media":1461,"comment_status":"open","ping_status":"open","sticky":false,"template":"","format":"standard","meta":{"_acf_changed":false,"footnotes":""},"categories":[9],"tags":[],"class_list":["post-1460","post","type-post","status-publish","format-standard","has-post-thumbnail","hentry","category-eme-aero-en"],"acf":[],"yoast_head":"<!-- This site is optimized with the Yoast SEO plugin v27.1.1 - https:\/\/yoast.com\/product\/yoast-seo-wordpress\/ -->\n<title>Change on the EME Aero CEO postion - EME Aero<\/title>\n<meta name=\"robots\" content=\"index, follow, max-snippet:-1, max-image-preview:large, max-video-preview:-1\" \/>\n<link rel=\"canonical\" href=\"https:\/\/www.eme-aero.com\/en\/zmiana-na-stanowisku-ceo-eme-aero\/\" \/>\n<meta property=\"og:locale\" content=\"en_US\" \/>\n<meta property=\"og:type\" content=\"article\" \/>\n<meta property=\"og:title\" content=\"Change on the EME Aero CEO postion - EME Aero\" \/>\n<meta property=\"og:description\" content=\"Po prawie czterech latach zarz\u0105dzania EME Aero Derrick Siebert, CEO i Dyrektor Zarz\u0105dzaj\u0105cy ds. Biznesu, od 1 pa\u017adziernika 2021 r. przeka\u017ce pa\u0142eczk\u0119 dr. Ulfowi Reinm\u00f6llerowi.&nbsp; Derrick Siebert zajmowa\u0142 stanowisko CEO EME Aero od 2017 roku. Kierowa\u0142 zespo\u0142em projektowym od samego pocz\u0105tku, odk\u0105d zapad\u0142a decyzja o utworzeniu nowego joint venture pomi\u0119dzy Lufthansa Technik i MTU Aero [&hellip;]\" \/>\n<meta property=\"og:url\" content=\"https:\/\/www.eme-aero.com\/en\/zmiana-na-stanowisku-ceo-eme-aero\/\" \/>\n<meta property=\"og:site_name\" content=\"EME Aero\" \/>\n<meta property=\"article:published_time\" content=\"2021-10-01T10:32:00+00:00\" \/>\n<meta property=\"article:modified_time\" content=\"2022-08-17T14:43:03+00:00\" \/>\n<meta property=\"og:image\" content=\"https:\/\/www.eme-aero.com\/wp-content\/uploads\/przerobione-scaled.jpg\" \/>\n\t<meta property=\"og:image:width\" content=\"2560\" \/>\n\t<meta property=\"og:image:height\" content=\"2222\" \/>\n\t<meta property=\"og:image:type\" content=\"image\/jpeg\" \/>\n<meta name=\"author\" content=\"EME Aero sp. z o.o.\" \/>\n<meta name=\"twitter:card\" content=\"summary_large_image\" \/>\n<meta name=\"twitter:label1\" content=\"Written by\" \/>\n\t<meta name=\"twitter:data1\" content=\"EME Aero sp. z o.o.\" \/>\n\t<meta name=\"twitter:label2\" content=\"Est. reading time\" \/>\n\t<meta name=\"twitter:data2\" content=\"2 minutes\" \/>\n<script type=\"application\/ld+json\" class=\"yoast-schema-graph\">{\"@context\":\"https:\/\/schema.org\",\"@graph\":[{\"@type\":\"Article\",\"@id\":\"https:\/\/www.eme-aero.com\/en\/zmiana-na-stanowisku-ceo-eme-aero\/#article\",\"isPartOf\":{\"@id\":\"https:\/\/www.eme-aero.com\/en\/zmiana-na-stanowisku-ceo-eme-aero\/\"},\"author\":{\"name\":\"EME Aero sp. z o.o.\",\"@id\":\"https:\/\/www.eme-aero.com\/#\/schema\/person\/9f47154f3ecb152e4c915249a8e397e6\"},\"headline\":\"Change on the EME Aero CEO postion\",\"datePublished\":\"2021-10-01T10:32:00+00:00\",\"dateModified\":\"2022-08-17T14:43:03+00:00\",\"mainEntityOfPage\":{\"@id\":\"https:\/\/www.eme-aero.com\/en\/zmiana-na-stanowisku-ceo-eme-aero\/\"},\"wordCount\":316,\"commentCount\":0,\"image\":{\"@id\":\"https:\/\/www.eme-aero.com\/en\/zmiana-na-stanowisku-ceo-eme-aero\/#primaryimage\"},\"thumbnailUrl\":\"https:\/\/www.eme-aero.com\/wp-content\/uploads\/przerobione-scaled.jpg\",\"articleSection\":[\"EME Aero\"],\"inLanguage\":\"en-US\",\"potentialAction\":[{\"@type\":\"CommentAction\",\"name\":\"Comment\",\"target\":[\"https:\/\/www.eme-aero.com\/en\/zmiana-na-stanowisku-ceo-eme-aero\/#respond\"]}]},{\"@type\":\"WebPage\",\"@id\":\"https:\/\/www.eme-aero.com\/en\/zmiana-na-stanowisku-ceo-eme-aero\/\",\"url\":\"https:\/\/www.eme-aero.com\/en\/zmiana-na-stanowisku-ceo-eme-aero\/\",\"name\":\"Change on the EME Aero CEO postion - EME Aero\",\"isPartOf\":{\"@id\":\"https:\/\/www.eme-aero.com\/#website\"},\"primaryImageOfPage\":{\"@id\":\"https:\/\/www.eme-aero.com\/en\/zmiana-na-stanowisku-ceo-eme-aero\/#primaryimage\"},\"image\":{\"@id\":\"https:\/\/www.eme-aero.com\/en\/zmiana-na-stanowisku-ceo-eme-aero\/#primaryimage\"},\"thumbnailUrl\":\"https:\/\/www.eme-aero.com\/wp-content\/uploads\/przerobione-scaled.jpg\",\"datePublished\":\"2021-10-01T10:32:00+00:00\",\"dateModified\":\"2022-08-17T14:43:03+00:00\",\"author\":{\"@id\":\"https:\/\/www.eme-aero.com\/#\/schema\/person\/9f47154f3ecb152e4c915249a8e397e6\"},\"breadcrumb\":{\"@id\":\"https:\/\/www.eme-aero.com\/en\/zmiana-na-stanowisku-ceo-eme-aero\/#breadcrumb\"},\"inLanguage\":\"en-US\",\"potentialAction\":[{\"@type\":\"ReadAction\",\"target\":[\"https:\/\/www.eme-aero.com\/en\/zmiana-na-stanowisku-ceo-eme-aero\/\"]}]},{\"@type\":\"ImageObject\",\"inLanguage\":\"en-US\",\"@id\":\"https:\/\/www.eme-aero.com\/en\/zmiana-na-stanowisku-ceo-eme-aero\/#primaryimage\",\"url\":\"https:\/\/www.eme-aero.com\/wp-content\/uploads\/przerobione-scaled.jpg\",\"contentUrl\":\"https:\/\/www.eme-aero.com\/wp-content\/uploads\/przerobione-scaled.jpg\",\"width\":2560,\"height\":2222},{\"@type\":\"BreadcrumbList\",\"@id\":\"https:\/\/www.eme-aero.com\/en\/zmiana-na-stanowisku-ceo-eme-aero\/#breadcrumb\",\"itemListElement\":[{\"@type\":\"ListItem\",\"position\":1,\"name\":\"Home\",\"item\":\"https:\/\/www.eme-aero.com\/en\/\"},{\"@type\":\"ListItem\",\"position\":2,\"name\":\"Change on the EME Aero CEO postion\"}]},{\"@type\":\"WebSite\",\"@id\":\"https:\/\/www.eme-aero.com\/#website\",\"url\":\"https:\/\/www.eme-aero.com\/\",\"name\":\"EME Aero\",\"description\":\"\",\"potentialAction\":[{\"@type\":\"SearchAction\",\"target\":{\"@type\":\"EntryPoint\",\"urlTemplate\":\"https:\/\/www.eme-aero.com\/?s={search_term_string}\"},\"query-input\":{\"@type\":\"PropertyValueSpecification\",\"valueRequired\":true,\"valueName\":\"search_term_string\"}}],\"inLanguage\":\"en-US\"},{\"@type\":\"Person\",\"@id\":\"https:\/\/www.eme-aero.com\/#\/schema\/person\/9f47154f3ecb152e4c915249a8e397e6\",\"name\":\"EME Aero sp. z o.o.\",\"image\":{\"@type\":\"ImageObject\",\"inLanguage\":\"en-US\",\"@id\":\"https:\/\/www.eme-aero.com\/#\/schema\/person\/image\/\",\"url\":\"https:\/\/secure.gravatar.com\/avatar\/a3fa29bdd96a4b2a55108ed872f12152673121fabab18909c142e2d3fc52b35d?s=96&d=mm&r=g\",\"contentUrl\":\"https:\/\/secure.gravatar.com\/avatar\/a3fa29bdd96a4b2a55108ed872f12152673121fabab18909c142e2d3fc52b35d?s=96&d=mm&r=g\",\"caption\":\"EME Aero sp. z o.o.\"},\"url\":\"https:\/\/www.eme-aero.com\/en\/author\/emeaero\/\"}]}<\/script>\n<!-- \/ Yoast SEO plugin. -->","yoast_head_json":{"title":"Change on the EME Aero CEO postion - EME Aero","robots":{"index":"index","follow":"follow","max-snippet":"max-snippet:-1","max-image-preview":"max-image-preview:large","max-video-preview":"max-video-preview:-1"},"canonical":"https:\/\/www.eme-aero.com\/en\/zmiana-na-stanowisku-ceo-eme-aero\/","og_locale":"en_US","og_type":"article","og_title":"Change on the EME Aero CEO postion - EME Aero","og_description":"Po prawie czterech latach zarz\u0105dzania EME Aero Derrick Siebert, CEO i Dyrektor Zarz\u0105dzaj\u0105cy ds. Biznesu, od 1 pa\u017adziernika 2021 r. przeka\u017ce pa\u0142eczk\u0119 dr. Ulfowi Reinm\u00f6llerowi.&nbsp; Derrick Siebert zajmowa\u0142 stanowisko CEO EME Aero od 2017 roku. Kierowa\u0142 zespo\u0142em projektowym od samego pocz\u0105tku, odk\u0105d zapad\u0142a decyzja o utworzeniu nowego joint venture pomi\u0119dzy Lufthansa Technik i MTU Aero [&hellip;]","og_url":"https:\/\/www.eme-aero.com\/en\/zmiana-na-stanowisku-ceo-eme-aero\/","og_site_name":"EME Aero","article_published_time":"2021-10-01T10:32:00+00:00","article_modified_time":"2022-08-17T14:43:03+00:00","og_image":[{"width":2560,"height":2222,"url":"https:\/\/www.eme-aero.com\/wp-content\/uploads\/przerobione-scaled.jpg","type":"image\/jpeg"}],"author":"EME Aero sp. z o.o.","twitter_card":"summary_large_image","twitter_misc":{"Written by":"EME Aero sp. z o.o.","Est. reading time":"2 minutes"},"schema":{"@context":"https:\/\/schema.org","@graph":[{"@type":"Article","@id":"https:\/\/www.eme-aero.com\/en\/zmiana-na-stanowisku-ceo-eme-aero\/#article","isPartOf":{"@id":"https:\/\/www.eme-aero.com\/en\/zmiana-na-stanowisku-ceo-eme-aero\/"},"author":{"name":"EME Aero sp. z o.o.","@id":"https:\/\/www.eme-aero.com\/#\/schema\/person\/9f47154f3ecb152e4c915249a8e397e6"},"headline":"Change on the EME Aero CEO postion","datePublished":"2021-10-01T10:32:00+00:00","dateModified":"2022-08-17T14:43:03+00:00","mainEntityOfPage":{"@id":"https:\/\/www.eme-aero.com\/en\/zmiana-na-stanowisku-ceo-eme-aero\/"},"wordCount":316,"commentCount":0,"image":{"@id":"https:\/\/www.eme-aero.com\/en\/zmiana-na-stanowisku-ceo-eme-aero\/#primaryimage"},"thumbnailUrl":"https:\/\/www.eme-aero.com\/wp-content\/uploads\/przerobione-scaled.jpg","articleSection":["EME Aero"],"inLanguage":"en-US","potentialAction":[{"@type":"CommentAction","name":"Comment","target":["https:\/\/www.eme-aero.com\/en\/zmiana-na-stanowisku-ceo-eme-aero\/#respond"]}]},{"@type":"WebPage","@id":"https:\/\/www.eme-aero.com\/en\/zmiana-na-stanowisku-ceo-eme-aero\/","url":"https:\/\/www.eme-aero.com\/en\/zmiana-na-stanowisku-ceo-eme-aero\/","name":"Change on the EME Aero CEO postion - EME Aero","isPartOf":{"@id":"https:\/\/www.eme-aero.com\/#website"},"primaryImageOfPage":{"@id":"https:\/\/www.eme-aero.com\/en\/zmiana-na-stanowisku-ceo-eme-aero\/#primaryimage"},"image":{"@id":"https:\/\/www.eme-aero.com\/en\/zmiana-na-stanowisku-ceo-eme-aero\/#primaryimage"},"thumbnailUrl":"https:\/\/www.eme-aero.com\/wp-content\/uploads\/przerobione-scaled.jpg","datePublished":"2021-10-01T10:32:00+00:00","dateModified":"2022-08-17T14:43:03+00:00","author":{"@id":"https:\/\/www.eme-aero.com\/#\/schema\/person\/9f47154f3ecb152e4c915249a8e397e6"},"breadcrumb":{"@id":"https:\/\/www.eme-aero.com\/en\/zmiana-na-stanowisku-ceo-eme-aero\/#breadcrumb"},"inLanguage":"en-US","potentialAction":[{"@type":"ReadAction","target":["https:\/\/www.eme-aero.com\/en\/zmiana-na-stanowisku-ceo-eme-aero\/"]}]},{"@type":"ImageObject","inLanguage":"en-US","@id":"https:\/\/www.eme-aero.com\/en\/zmiana-na-stanowisku-ceo-eme-aero\/#primaryimage","url":"https:\/\/www.eme-aero.com\/wp-content\/uploads\/przerobione-scaled.jpg","contentUrl":"https:\/\/www.eme-aero.com\/wp-content\/uploads\/przerobione-scaled.jpg","width":2560,"height":2222},{"@type":"BreadcrumbList","@id":"https:\/\/www.eme-aero.com\/en\/zmiana-na-stanowisku-ceo-eme-aero\/#breadcrumb","itemListElement":[{"@type":"ListItem","position":1,"name":"Home","item":"https:\/\/www.eme-aero.com\/en\/"},{"@type":"ListItem","position":2,"name":"Change on the EME Aero CEO postion"}]},{"@type":"WebSite","@id":"https:\/\/www.eme-aero.com\/#website","url":"https:\/\/www.eme-aero.com\/","name":"EME Aero","description":"","potentialAction":[{"@type":"SearchAction","target":{"@type":"EntryPoint","urlTemplate":"https:\/\/www.eme-aero.com\/?s={search_term_string}"},"query-input":{"@type":"PropertyValueSpecification","valueRequired":true,"valueName":"search_term_string"}}],"inLanguage":"en-US"},{"@type":"Person","@id":"https:\/\/www.eme-aero.com\/#\/schema\/person\/9f47154f3ecb152e4c915249a8e397e6","name":"EME Aero sp. z o.o.","image":{"@type":"ImageObject","inLanguage":"en-US","@id":"https:\/\/www.eme-aero.com\/#\/schema\/person\/image\/","url":"https:\/\/secure.gravatar.com\/avatar\/a3fa29bdd96a4b2a55108ed872f12152673121fabab18909c142e2d3fc52b35d?s=96&d=mm&r=g","contentUrl":"https:\/\/secure.gravatar.com\/avatar\/a3fa29bdd96a4b2a55108ed872f12152673121fabab18909c142e2d3fc52b35d?s=96&d=mm&r=g","caption":"EME Aero sp. z o.o."},"url":"https:\/\/www.eme-aero.com\/en\/author\/emeaero\/"}]}},"_links":{"self":[{"href":"https:\/\/www.eme-aero.com\/en\/wp-json\/wp\/v2\/posts\/1460","targetHints":{"allow":["GET"]}}],"collection":[{"href":"https:\/\/www.eme-aero.com\/en\/wp-json\/wp\/v2\/posts"}],"about":[{"href":"https:\/\/www.eme-aero.com\/en\/wp-json\/wp\/v2\/types\/post"}],"author":[{"embeddable":true,"href":"https:\/\/www.eme-aero.com\/en\/wp-json\/wp\/v2\/users\/5"}],"replies":[{"embeddable":true,"href":"https:\/\/www.eme-aero.com\/en\/wp-json\/wp\/v2\/comments?post=1460"}],"version-history":[{"count":3,"href":"https:\/\/www.eme-aero.com\/en\/wp-json\/wp\/v2\/posts\/1460\/revisions"}],"predecessor-version":[{"id":1683,"href":"https:\/\/www.eme-aero.com\/en\/wp-json\/wp\/v2\/posts\/1460\/revisions\/1683"}],"wp:featuredmedia":[{"embeddable":true,"href":"https:\/\/www.eme-aero.com\/en\/wp-json\/wp\/v2\/media\/1461"}],"wp:attachment":[{"href":"https:\/\/www.eme-aero.com\/en\/wp-json\/wp\/v2\/media?parent=1460"}],"wp:term":[{"taxonomy":"category","embeddable":true,"href":"https:\/\/www.eme-aero.com\/en\/wp-json\/wp\/v2\/categories?post=1460"},{"taxonomy":"post_tag","embeddable":true,"href":"https:\/\/www.eme-aero.com\/en\/wp-json\/wp\/v2\/tags?post=1460"}],"curies":[{"name":"wp","href":"https:\/\/api.w.org\/{rel}","templated":true}]}}