{"id":1968,"date":"2022-12-12T09:11:16","date_gmt":"2022-12-12T08:11:16","guid":{"rendered":"https:\/\/www.eme-aero.com\/3-urodziy-eme-aero\/"},"modified":"2022-12-15T08:53:10","modified_gmt":"2022-12-15T07:53:10","slug":"3-urodziy-eme-aero","status":"publish","type":"post","link":"https:\/\/www.eme-aero.com\/en\/3-urodziy-eme-aero\/","title":{"rendered":"#3 urodziny EME Aero"},"content":{"rendered":"\n<p>\u015awi\u0119tujemy 3. urodziny. Dok\u0142adnie trzy lata temu zako\u0144czyli\u015bmy proces certyfikacji i rozpocz\u0119li\u015bmy dzia\u0142alno\u015b\u0107 operacyjn\u0105. <\/p>\n\n\n\n<figure class=\"wp-block-gallery has-nested-images columns-default is-cropped wp-block-gallery-1 is-layout-flex wp-block-gallery-is-layout-flex\">\n<figure class=\"wp-block-image size-large\"><img loading=\"lazy\" decoding=\"async\" width=\"1024\" height=\"630\" data-id=\"1961\" src=\"https:\/\/www.eme-aero.com\/wp-content\/uploads\/EmeAero_KV-1024x630.jpg\" alt=\"\" class=\"wp-image-1961\" srcset=\"https:\/\/www.eme-aero.com\/wp-content\/uploads\/EmeAero_KV-1024x630.jpg 1024w, https:\/\/www.eme-aero.com\/wp-content\/uploads\/EmeAero_KV-300x184.jpg 300w, https:\/\/www.eme-aero.com\/wp-content\/uploads\/EmeAero_KV-768x472.jpg 768w, https:\/\/www.eme-aero.com\/wp-content\/uploads\/EmeAero_KV-1536x944.jpg 1536w, https:\/\/www.eme-aero.com\/wp-content\/uploads\/EmeAero_KV-2048x1259.jpg 2048w, https:\/\/www.eme-aero.com\/wp-content\/uploads\/EmeAero_KV-293x180.jpg 293w\" sizes=\"auto, (max-width: 1024px) 100vw, 1024px\" \/><\/figure>\n<\/figure>\n\n\n\n<p>Po niespe\u0142na p\u00f3\u0142tora roku od rozpocz\u0119cia budowy zacz\u0119li\u015bmy przeprowadzk\u0119 do nowopowsta\u0142ego zak\u0142adu i wsp\u00f3lnie \u015bwi\u0119towali\u015bmy przyj\u0119cie do serwisu pierwszego silnika.<\/p>\n\n\n\n<p>Za nami intensywny i pe\u0142en wyzwa\u0144 czas, przed nami dalsze plany i ambitne cele do zrealizowania.<\/p>\n\n\n\n<p>To, co do tej pory uda\u0142o nam si\u0119 razem stworzy\u0107 i osi\u0105gn\u0105\u0107, nie by\u0142oby mo\u017cliwe bez zaanga\u017cowania, pracy zespo\u0142owej i pasji, kt\u00f3ra nap\u0119dza nas do dalszego dzia\u0142ania.<\/p>\n\n\n\n<p>Dzi\u0119kujemy wszystkim, kt\u00f3rzy przyczynili si\u0119 do tego, gdzie jeste\u015bmy obecnie i w kt\u00f3rym kierunku zmierzamy jako jedno z najwi\u0119kszych i najnowocze\u015bniejszych centr\u00f3w serwisowania silnik\u00f3w lotniczych typu GTF.<\/p>\n\n\n\n<p>Zapraszamy do obejrzenia materia\u0142u, kt\u00f3ry oddaje nasze firmowe warto\u015bci i ducha EME Aero.<\/p>\n\n\n\n<figure class=\"wp-block-embed is-type-video is-provider-youtube wp-block-embed-youtube wp-embed-aspect-16-9 wp-has-aspect-ratio\"><div class=\"wp-block-embed__wrapper\">\n<iframe loading=\"lazy\" title=\"EME Aero Passion driven performance\" width=\"500\" height=\"281\" src=\"https:\/\/www.youtube.com\/embed\/BDKXHzFSlHg?feature=oembed\" frameborder=\"0\" allow=\"accelerometer; autoplay; clipboard-write; encrypted-media; gyroscope; picture-in-picture; web-share\" referrerpolicy=\"strict-origin-when-cross-origin\" allowfullscreen><\/iframe>\n<\/div><\/figure>\n\n\n\n<p>We keep going! #PassionDrivenPerformance<\/p>\n","protected":false},"excerpt":{"rendered":"<p>\u015awi\u0119tujemy 3. urodziny. Dok\u0142adnie trzy lata temu zako\u0144czyli\u015bmy proces certyfikacji i rozpocz\u0119li\u015bmy dzia\u0142alno\u015b\u0107 operacyjn\u0105. Po niespe\u0142na p\u00f3\u0142tora roku od rozpocz\u0119cia budowy zacz\u0119li\u015bmy przeprowadzk\u0119 do nowopowsta\u0142ego zak\u0142adu i wsp\u00f3lnie \u015bwi\u0119towali\u015bmy przyj\u0119cie do serwisu pierwszego silnika. Za nami intensywny i pe\u0142en wyzwa\u0144 czas, przed nami dalsze plany i ambitne cele do zrealizowania. To, co do tej pory [&hellip;]<\/p>\n","protected":false},"author":7,"featured_media":1965,"comment_status":"open","ping_status":"open","sticky":false,"template":"","format":"standard","meta":{"_acf_changed":false,"footnotes":""},"categories":[9],"tags":[],"class_list":["post-1968","post","type-post","status-publish","format-standard","has-post-thumbnail","hentry","category-eme-aero-en"],"acf":[],"yoast_head":"<!-- This site is optimized with the Yoast SEO plugin v27.1.1 - https:\/\/yoast.com\/product\/yoast-seo-wordpress\/ -->\n<title>#3 urodziny EME Aero - EME Aero<\/title>\n<meta name=\"robots\" content=\"index, follow, max-snippet:-1, max-image-preview:large, max-video-preview:-1\" \/>\n<link rel=\"canonical\" href=\"https:\/\/www.eme-aero.com\/en\/3-urodziy-eme-aero\/\" \/>\n<meta property=\"og:locale\" content=\"en_US\" \/>\n<meta property=\"og:type\" content=\"article\" \/>\n<meta property=\"og:title\" content=\"#3 urodziny EME Aero - EME Aero\" \/>\n<meta property=\"og:description\" content=\"\u015awi\u0119tujemy 3. urodziny. Dok\u0142adnie trzy lata temu zako\u0144czyli\u015bmy proces certyfikacji i rozpocz\u0119li\u015bmy dzia\u0142alno\u015b\u0107 operacyjn\u0105. Po niespe\u0142na p\u00f3\u0142tora roku od rozpocz\u0119cia budowy zacz\u0119li\u015bmy przeprowadzk\u0119 do nowopowsta\u0142ego zak\u0142adu i wsp\u00f3lnie \u015bwi\u0119towali\u015bmy przyj\u0119cie do serwisu pierwszego silnika. Za nami intensywny i pe\u0142en wyzwa\u0144 czas, przed nami dalsze plany i ambitne cele do zrealizowania. To, co do tej pory [&hellip;]\" \/>\n<meta property=\"og:url\" content=\"https:\/\/www.eme-aero.com\/en\/3-urodziy-eme-aero\/\" \/>\n<meta property=\"og:site_name\" content=\"EME Aero\" \/>\n<meta property=\"article:published_time\" content=\"2022-12-12T08:11:16+00:00\" \/>\n<meta property=\"article:modified_time\" content=\"2022-12-15T07:53:10+00:00\" \/>\n<meta property=\"og:image\" content=\"https:\/\/www.eme-aero.com\/wp-content\/uploads\/EmeAero_KV-1-scaled.jpg\" \/>\n\t<meta property=\"og:image:width\" content=\"2560\" \/>\n\t<meta property=\"og:image:height\" content=\"1574\" \/>\n\t<meta property=\"og:image:type\" content=\"image\/jpeg\" \/>\n<meta name=\"author\" content=\"Agnieszka Grabowska\" \/>\n<meta name=\"twitter:card\" content=\"summary_large_image\" \/>\n<meta name=\"twitter:label1\" content=\"Written by\" \/>\n\t<meta name=\"twitter:data1\" content=\"Agnieszka Grabowska\" \/>\n\t<meta name=\"twitter:label2\" content=\"Est. reading time\" \/>\n\t<meta name=\"twitter:data2\" content=\"1 minute\" \/>\n<script type=\"application\/ld+json\" class=\"yoast-schema-graph\">{\"@context\":\"https:\/\/schema.org\",\"@graph\":[{\"@type\":\"Article\",\"@id\":\"https:\/\/www.eme-aero.com\/en\/3-urodziy-eme-aero\/#article\",\"isPartOf\":{\"@id\":\"https:\/\/www.eme-aero.com\/en\/3-urodziy-eme-aero\/\"},\"author\":{\"name\":\"Agnieszka Grabowska\",\"@id\":\"https:\/\/www.eme-aero.com\/#\/schema\/person\/a463629030730959e285ecf036dcb401\"},\"headline\":\"#3 urodziny EME Aero\",\"datePublished\":\"2022-12-12T08:11:16+00:00\",\"dateModified\":\"2022-12-15T07:53:10+00:00\",\"mainEntityOfPage\":{\"@id\":\"https:\/\/www.eme-aero.com\/en\/3-urodziy-eme-aero\/\"},\"wordCount\":166,\"commentCount\":0,\"image\":{\"@id\":\"https:\/\/www.eme-aero.com\/en\/3-urodziy-eme-aero\/#primaryimage\"},\"thumbnailUrl\":\"https:\/\/www.eme-aero.com\/wp-content\/uploads\/EmeAero_KV-1-scaled.jpg\",\"articleSection\":[\"EME Aero\"],\"inLanguage\":\"en-US\",\"potentialAction\":[{\"@type\":\"CommentAction\",\"name\":\"Comment\",\"target\":[\"https:\/\/www.eme-aero.com\/en\/3-urodziy-eme-aero\/#respond\"]}]},{\"@type\":\"WebPage\",\"@id\":\"https:\/\/www.eme-aero.com\/en\/3-urodziy-eme-aero\/\",\"url\":\"https:\/\/www.eme-aero.com\/en\/3-urodziy-eme-aero\/\",\"name\":\"#3 urodziny EME Aero - EME Aero\",\"isPartOf\":{\"@id\":\"https:\/\/www.eme-aero.com\/#website\"},\"primaryImageOfPage\":{\"@id\":\"https:\/\/www.eme-aero.com\/en\/3-urodziy-eme-aero\/#primaryimage\"},\"image\":{\"@id\":\"https:\/\/www.eme-aero.com\/en\/3-urodziy-eme-aero\/#primaryimage\"},\"thumbnailUrl\":\"https:\/\/www.eme-aero.com\/wp-content\/uploads\/EmeAero_KV-1-scaled.jpg\",\"datePublished\":\"2022-12-12T08:11:16+00:00\",\"dateModified\":\"2022-12-15T07:53:10+00:00\",\"author\":{\"@id\":\"https:\/\/www.eme-aero.com\/#\/schema\/person\/a463629030730959e285ecf036dcb401\"},\"breadcrumb\":{\"@id\":\"https:\/\/www.eme-aero.com\/en\/3-urodziy-eme-aero\/#breadcrumb\"},\"inLanguage\":\"en-US\",\"potentialAction\":[{\"@type\":\"ReadAction\",\"target\":[\"https:\/\/www.eme-aero.com\/en\/3-urodziy-eme-aero\/\"]}]},{\"@type\":\"ImageObject\",\"inLanguage\":\"en-US\",\"@id\":\"https:\/\/www.eme-aero.com\/en\/3-urodziy-eme-aero\/#primaryimage\",\"url\":\"https:\/\/www.eme-aero.com\/wp-content\/uploads\/EmeAero_KV-1-scaled.jpg\",\"contentUrl\":\"https:\/\/www.eme-aero.com\/wp-content\/uploads\/EmeAero_KV-1-scaled.jpg\",\"width\":2560,\"height\":1574},{\"@type\":\"BreadcrumbList\",\"@id\":\"https:\/\/www.eme-aero.com\/en\/3-urodziy-eme-aero\/#breadcrumb\",\"itemListElement\":[{\"@type\":\"ListItem\",\"position\":1,\"name\":\"Home\",\"item\":\"https:\/\/www.eme-aero.com\/en\/\"},{\"@type\":\"ListItem\",\"position\":2,\"name\":\"#3 urodziny EME Aero\"}]},{\"@type\":\"WebSite\",\"@id\":\"https:\/\/www.eme-aero.com\/#website\",\"url\":\"https:\/\/www.eme-aero.com\/\",\"name\":\"EME Aero\",\"description\":\"\",\"potentialAction\":[{\"@type\":\"SearchAction\",\"target\":{\"@type\":\"EntryPoint\",\"urlTemplate\":\"https:\/\/www.eme-aero.com\/?s={search_term_string}\"},\"query-input\":{\"@type\":\"PropertyValueSpecification\",\"valueRequired\":true,\"valueName\":\"search_term_string\"}}],\"inLanguage\":\"en-US\"},{\"@type\":\"Person\",\"@id\":\"https:\/\/www.eme-aero.com\/#\/schema\/person\/a463629030730959e285ecf036dcb401\",\"name\":\"Agnieszka Grabowska\",\"image\":{\"@type\":\"ImageObject\",\"inLanguage\":\"en-US\",\"@id\":\"https:\/\/www.eme-aero.com\/#\/schema\/person\/image\/\",\"url\":\"https:\/\/secure.gravatar.com\/avatar\/244458e278207b668d31f539190f550c7de0e3d9ecbefae3fe29aa73004d6636?s=96&d=mm&r=g\",\"contentUrl\":\"https:\/\/secure.gravatar.com\/avatar\/244458e278207b668d31f539190f550c7de0e3d9ecbefae3fe29aa73004d6636?s=96&d=mm&r=g\",\"caption\":\"Agnieszka Grabowska\"},\"url\":\"https:\/\/www.eme-aero.com\/en\/author\/agnieszka\/\"}]}<\/script>\n<!-- \/ Yoast SEO plugin. -->","yoast_head_json":{"title":"#3 urodziny EME Aero - EME Aero","robots":{"index":"index","follow":"follow","max-snippet":"max-snippet:-1","max-image-preview":"max-image-preview:large","max-video-preview":"max-video-preview:-1"},"canonical":"https:\/\/www.eme-aero.com\/en\/3-urodziy-eme-aero\/","og_locale":"en_US","og_type":"article","og_title":"#3 urodziny EME Aero - EME Aero","og_description":"\u015awi\u0119tujemy 3. urodziny. Dok\u0142adnie trzy lata temu zako\u0144czyli\u015bmy proces certyfikacji i rozpocz\u0119li\u015bmy dzia\u0142alno\u015b\u0107 operacyjn\u0105. Po niespe\u0142na p\u00f3\u0142tora roku od rozpocz\u0119cia budowy zacz\u0119li\u015bmy przeprowadzk\u0119 do nowopowsta\u0142ego zak\u0142adu i wsp\u00f3lnie \u015bwi\u0119towali\u015bmy przyj\u0119cie do serwisu pierwszego silnika. Za nami intensywny i pe\u0142en wyzwa\u0144 czas, przed nami dalsze plany i ambitne cele do zrealizowania. To, co do tej pory [&hellip;]","og_url":"https:\/\/www.eme-aero.com\/en\/3-urodziy-eme-aero\/","og_site_name":"EME Aero","article_published_time":"2022-12-12T08:11:16+00:00","article_modified_time":"2022-12-15T07:53:10+00:00","og_image":[{"width":2560,"height":1574,"url":"https:\/\/www.eme-aero.com\/wp-content\/uploads\/EmeAero_KV-1-scaled.jpg","type":"image\/jpeg"}],"author":"Agnieszka Grabowska","twitter_card":"summary_large_image","twitter_misc":{"Written by":"Agnieszka Grabowska","Est. reading time":"1 minute"},"schema":{"@context":"https:\/\/schema.org","@graph":[{"@type":"Article","@id":"https:\/\/www.eme-aero.com\/en\/3-urodziy-eme-aero\/#article","isPartOf":{"@id":"https:\/\/www.eme-aero.com\/en\/3-urodziy-eme-aero\/"},"author":{"name":"Agnieszka Grabowska","@id":"https:\/\/www.eme-aero.com\/#\/schema\/person\/a463629030730959e285ecf036dcb401"},"headline":"#3 urodziny EME Aero","datePublished":"2022-12-12T08:11:16+00:00","dateModified":"2022-12-15T07:53:10+00:00","mainEntityOfPage":{"@id":"https:\/\/www.eme-aero.com\/en\/3-urodziy-eme-aero\/"},"wordCount":166,"commentCount":0,"image":{"@id":"https:\/\/www.eme-aero.com\/en\/3-urodziy-eme-aero\/#primaryimage"},"thumbnailUrl":"https:\/\/www.eme-aero.com\/wp-content\/uploads\/EmeAero_KV-1-scaled.jpg","articleSection":["EME Aero"],"inLanguage":"en-US","potentialAction":[{"@type":"CommentAction","name":"Comment","target":["https:\/\/www.eme-aero.com\/en\/3-urodziy-eme-aero\/#respond"]}]},{"@type":"WebPage","@id":"https:\/\/www.eme-aero.com\/en\/3-urodziy-eme-aero\/","url":"https:\/\/www.eme-aero.com\/en\/3-urodziy-eme-aero\/","name":"#3 urodziny EME Aero - EME Aero","isPartOf":{"@id":"https:\/\/www.eme-aero.com\/#website"},"primaryImageOfPage":{"@id":"https:\/\/www.eme-aero.com\/en\/3-urodziy-eme-aero\/#primaryimage"},"image":{"@id":"https:\/\/www.eme-aero.com\/en\/3-urodziy-eme-aero\/#primaryimage"},"thumbnailUrl":"https:\/\/www.eme-aero.com\/wp-content\/uploads\/EmeAero_KV-1-scaled.jpg","datePublished":"2022-12-12T08:11:16+00:00","dateModified":"2022-12-15T07:53:10+00:00","author":{"@id":"https:\/\/www.eme-aero.com\/#\/schema\/person\/a463629030730959e285ecf036dcb401"},"breadcrumb":{"@id":"https:\/\/www.eme-aero.com\/en\/3-urodziy-eme-aero\/#breadcrumb"},"inLanguage":"en-US","potentialAction":[{"@type":"ReadAction","target":["https:\/\/www.eme-aero.com\/en\/3-urodziy-eme-aero\/"]}]},{"@type":"ImageObject","inLanguage":"en-US","@id":"https:\/\/www.eme-aero.com\/en\/3-urodziy-eme-aero\/#primaryimage","url":"https:\/\/www.eme-aero.com\/wp-content\/uploads\/EmeAero_KV-1-scaled.jpg","contentUrl":"https:\/\/www.eme-aero.com\/wp-content\/uploads\/EmeAero_KV-1-scaled.jpg","width":2560,"height":1574},{"@type":"BreadcrumbList","@id":"https:\/\/www.eme-aero.com\/en\/3-urodziy-eme-aero\/#breadcrumb","itemListElement":[{"@type":"ListItem","position":1,"name":"Home","item":"https:\/\/www.eme-aero.com\/en\/"},{"@type":"ListItem","position":2,"name":"#3 urodziny EME Aero"}]},{"@type":"WebSite","@id":"https:\/\/www.eme-aero.com\/#website","url":"https:\/\/www.eme-aero.com\/","name":"EME Aero","description":"","potentialAction":[{"@type":"SearchAction","target":{"@type":"EntryPoint","urlTemplate":"https:\/\/www.eme-aero.com\/?s={search_term_string}"},"query-input":{"@type":"PropertyValueSpecification","valueRequired":true,"valueName":"search_term_string"}}],"inLanguage":"en-US"},{"@type":"Person","@id":"https:\/\/www.eme-aero.com\/#\/schema\/person\/a463629030730959e285ecf036dcb401","name":"Agnieszka Grabowska","image":{"@type":"ImageObject","inLanguage":"en-US","@id":"https:\/\/www.eme-aero.com\/#\/schema\/person\/image\/","url":"https:\/\/secure.gravatar.com\/avatar\/244458e278207b668d31f539190f550c7de0e3d9ecbefae3fe29aa73004d6636?s=96&d=mm&r=g","contentUrl":"https:\/\/secure.gravatar.com\/avatar\/244458e278207b668d31f539190f550c7de0e3d9ecbefae3fe29aa73004d6636?s=96&d=mm&r=g","caption":"Agnieszka Grabowska"},"url":"https:\/\/www.eme-aero.com\/en\/author\/agnieszka\/"}]}},"_links":{"self":[{"href":"https:\/\/www.eme-aero.com\/en\/wp-json\/wp\/v2\/posts\/1968","targetHints":{"allow":["GET"]}}],"collection":[{"href":"https:\/\/www.eme-aero.com\/en\/wp-json\/wp\/v2\/posts"}],"about":[{"href":"https:\/\/www.eme-aero.com\/en\/wp-json\/wp\/v2\/types\/post"}],"author":[{"embeddable":true,"href":"https:\/\/www.eme-aero.com\/en\/wp-json\/wp\/v2\/users\/7"}],"replies":[{"embeddable":true,"href":"https:\/\/www.eme-aero.com\/en\/wp-json\/wp\/v2\/comments?post=1968"}],"version-history":[{"count":3,"href":"https:\/\/www.eme-aero.com\/en\/wp-json\/wp\/v2\/posts\/1968\/revisions"}],"predecessor-version":[{"id":1985,"href":"https:\/\/www.eme-aero.com\/en\/wp-json\/wp\/v2\/posts\/1968\/revisions\/1985"}],"wp:featuredmedia":[{"embeddable":true,"href":"https:\/\/www.eme-aero.com\/en\/wp-json\/wp\/v2\/media\/1965"}],"wp:attachment":[{"href":"https:\/\/www.eme-aero.com\/en\/wp-json\/wp\/v2\/media?parent=1968"}],"wp:term":[{"taxonomy":"category","embeddable":true,"href":"https:\/\/www.eme-aero.com\/en\/wp-json\/wp\/v2\/categories?post=1968"},{"taxonomy":"post_tag","embeddable":true,"href":"https:\/\/www.eme-aero.com\/en\/wp-json\/wp\/v2\/tags?post=1968"}],"curies":[{"name":"wp","href":"https:\/\/api.w.org\/{rel}","templated":true}]}}